{"id":303,"date":"2017-10-15T17:33:01","date_gmt":"2017-10-15T17:33:01","guid":{"rendered":"http:\/\/144.76.129.115\/wordpress\/?p=303"},"modified":"2017-10-15T17:33:14","modified_gmt":"2017-10-15T17:33:14","slug":"aktuelle-gedanken-zur-nrw17","status":"publish","type":"post","link":"https:\/\/eest9.eu\/?p=303","title":{"rendered":"Aktuelle Gedanken zur NRW17"},"content":{"rendered":"<p>Ich bin gl\u00fccklich. Die n\u00e4chste Regierung, egal wie sie aussieht, wird am Boden der Verfassung bleiben m\u00fcssen, denn eine 2\/3 Mehrheit geht sich f\u00fcr keine der 2er Varianten aus.<\/p>\n<h1>Welche 2 Parteien werden also die n\u00e4chste Regierung bilden?<\/h1>\n<div class=\"text_exposed_show\">\n<h2>\u00d6VP + FP\u00d6:<\/h2>\n<p>Diese Variante halte ich aufgrund der inhaltlichen N\u00e4he f\u00fcr am wahrscheinlichsten. Jedoch<span class=\"_5mfr _47e3\">! <\/span>Auch diese Verhandlungen werden nicht ohne sein. Denn die FP\u00d6 hat das Innenministerium zur Koalitionsbedingung gemacht und das wird die \u00d6VP nicht einfach so aufgeben. Immerhin sind hier, Ger\u00fcchten zufolge, einige gr\u00f6\u00dfere Korruptionsskandale zu erwarten und dieses Wissen wird die \u00d6VP nicht einfach so an die FP\u00d6 abgeben wollen.<\/p>\n<h2>\u00d6VP + SP\u00d6:<\/h2>\n<p>Man meint die beiden k\u00f6nnen sich nicht mehr ausstehen. Aber niemand hat je die Koalition mit dem anderen ausgeschlossen. Gewerkschaft und AK werden wohl darauf pl\u00e4dieren um die Kollektivvertr\u00e4ge weiterhin zu sichern. Ob hier auch die WKO darauf einsteigen wird ist noch unklar, sie k\u00f6nnten auch dem Beispiel der WKO O\u00d6 folgen, die damals auf \u00d6VP + FP\u00d6 pl\u00e4diert hat.<\/p>\n<h2>SP\u00d6 + FP\u00d6:<\/h2>\n<p>Wohl am unwahrscheinlichsten. Aber der FP\u00d6 Spruch &#8222;Wir werden den 2. nicht zum Kanzler machen&#8220; hat Dr. Walter Rosenkranz heute im ORF2 N\u00d6 schon wieder \u00fcber Board geworfen als er meinte, dass er auch eine Koalition mit der SP\u00d6 eingehen w\u00fcrde, da er die FP\u00d6 als Sieger sieht und es damit keine Koalition der Verlierer w\u00e4re. In der SP\u00d6 w\u00fcrde es daf\u00fcr wohl einen Obpersonenwechsel ben\u00f6tigen. Inhaltlich steht ihnen jedenfalls weniger entgegen als noch 2013.<\/p>\n<h2>\u00d6VP:<\/h2>\n<p>Sollte sich wirklich keine Koalition finden k\u00f6nnte die \u00d6VP noch eine Minderheitsregierung bilden. Ich denke jedoch, dass eine solche schnell wieder zu Neuwahlen f\u00fchren wird.<\/p>\n<p>Aber egal wer es wird, ich werde die n\u00e4chste Regierung kritisch betrachten und sie Einmahnen gute verfassungskonforme Gesetze zu machen!<\/p>\n<\/div>\n","protected":false},"excerpt":{"rendered":"<p>Ich bin gl\u00fccklich. Die n\u00e4chste Regierung, egal wie sie aussieht, wird am Boden der Verfassung bleiben m\u00fcssen, denn eine 2\/3 Mehrheit geht sich f\u00fcr keine der 2er Varianten aus. Welche 2 Parteien werden also die n\u00e4chste Regierung bilden? \u00d6VP + &hellip; <a href=\"https:\/\/eest9.eu\/?p=303\">Weiterlesen <span class=\"meta-nav\">&rarr;<\/span><\/a><\/p>\n","protected":false},"author":1,"featured_media":283,"comment_status":"closed","ping_status":"closed","sticky":false,"template":"","format":"standard","meta":{"inline_featured_image":false,"twitterCardType":"summary","cardImageID":0,"cardImage":"","cardTitle":"","cardDesc":"","cardImageAlt":"","cardPlayer":"","cardPlayerWidth":0,"cardPlayerHeight":0,"cardPlayerStream":"","cardPlayerCodec":""},"categories":[2],"tags":[],"_links":{"self":[{"href":"https:\/\/eest9.eu\/index.php?rest_route=\/wp\/v2\/posts\/303"}],"collection":[{"href":"https:\/\/eest9.eu\/index.php?rest_route=\/wp\/v2\/posts"}],"about":[{"href":"https:\/\/eest9.eu\/index.php?rest_route=\/wp\/v2\/types\/post"}],"author":[{"embeddable":true,"href":"https:\/\/eest9.eu\/index.php?rest_route=\/wp\/v2\/users\/1"}],"replies":[{"embeddable":true,"href":"https:\/\/eest9.eu\/index.php?rest_route=%2Fwp%2Fv2%2Fcomments&post=303"}],"version-history":[{"count":2,"href":"https:\/\/eest9.eu\/index.php?rest_route=\/wp\/v2\/posts\/303\/revisions"}],"predecessor-version":[{"id":305,"href":"https:\/\/eest9.eu\/index.php?rest_route=\/wp\/v2\/posts\/303\/revisions\/305"}],"wp:featuredmedia":[{"embeddable":true,"href":"https:\/\/eest9.eu\/index.php?rest_route=\/wp\/v2\/media\/283"}],"wp:attachment":[{"href":"https:\/\/eest9.eu\/index.php?rest_route=%2Fwp%2Fv2%2Fmedia&parent=303"}],"wp:term":[{"taxonomy":"category","embeddable":true,"href":"https:\/\/eest9.eu\/index.php?rest_route=%2Fwp%2Fv2%2Fcategories&post=303"},{"taxonomy":"post_tag","embeddable":true,"href":"https:\/\/eest9.eu\/index.php?rest_route=%2Fwp%2Fv2%2Ftags&post=303"}],"curies":[{"name":"wp","href":"https:\/\/api.w.org\/{rel}","templated":true}]}}